{"id":3946,"date":"2017-03-22T20:08:28","date_gmt":"2017-03-22T20:08:28","guid":{"rendered":"http:\/\/souvenirsdaltitude.fr\/wordpress\/?p=3946"},"modified":"2017-03-22T20:09:12","modified_gmt":"2017-03-22T20:09:12","slug":"mise-a-jour-site","status":"publish","type":"post","link":"https:\/\/souvenirsdaltitude.fr\/wordpress\/mise-a-jour-site\/","title":{"rendered":"Mise \u00e0 jour du site"},"content":{"rendered":"<p>Bonjour \u00e0 tous,<\/p>\n<p>cela faisait longtemps que ce site n&rsquo;avait pas \u00e9t\u00e9 mis \u00e0 jour, c&rsquo;est d\u00e9sormais chose faite ! Quelques photos prises dans les Alpes ont \u00e9t\u00e9 rajout\u00e9es, de m\u00eame qu&rsquo;une <a href=\"http:\/\/souvenirsdaltitude.fr\/wordpress\/arctique\/\">galerie sur les paysages arctiques<\/a> que j&rsquo;ai pu aller d\u00e9couvrir&#8230; Pour faciliter la d\u00e9couverte des derni\u00e8res photos, j&rsquo;ai aussi rajout\u00e9 une <a href=\"http:\/\/souvenirsdaltitude.fr\/wordpress\/derniers-souvenirs\/\">galerie des derniers souvenirs<\/a>.<\/p>\n<p>&nbsp;<\/p>\n<p>Bonne balade !<\/p>\n<p>&nbsp;<\/p>\n<p><img data-attachment-id=\"3913\" data-permalink=\"https:\/\/souvenirsdaltitude.fr\/wordpress\/mise-a-jour-site\/kangerlussuaq_dsc5990_20160816_10_12_56_1400\/\" data-orig-file=\"https:\/\/i0.wp.com\/souvenirsdaltitude.fr\/wordpress\/wp-content\/uploads\/2017\/03\/kangerlussuaq_DSC5990_20160816_10_12_56_1400.jpg?fit=1400%2C934&amp;ssl=1\" data-orig-size=\"1400,934\" data-comments-opened=\"0\" data-image-meta=\"{&quot;aperture&quot;:&quot;14&quot;,&quot;credit&quot;:&quot;Benjamin Orgogozo&quot;,&quot;camera&quot;:&quot;NIKON D800&quot;,&quot;caption&quot;:&quot;&quot;,&quot;created_timestamp&quot;:&quot;1471342376&quot;,&quot;copyright&quot;:&quot;&quot;,&quot;focal_length&quot;:&quot;20&quot;,&quot;iso&quot;:&quot;100&quot;,&quot;shutter_speed&quot;:&quot;0.016666666666667&quot;,&quot;title&quot;:&quot;&quot;,&quot;orientation&quot;:&quot;0&quot;}\" data-image-title=\"kangerlussuaq_DSC5990_20160816_10_12_56_1400\" data-image-description=\"\" data-image-caption=\"\" data-medium-file=\"https:\/\/i0.wp.com\/souvenirsdaltitude.fr\/wordpress\/wp-content\/uploads\/2017\/03\/kangerlussuaq_DSC5990_20160816_10_12_56_1400.jpg?fit=300%2C200&amp;ssl=1\" data-large-file=\"https:\/\/i0.wp.com\/souvenirsdaltitude.fr\/wordpress\/wp-content\/uploads\/2017\/03\/kangerlussuaq_DSC5990_20160816_10_12_56_1400.jpg?fit=1024%2C683&amp;ssl=1\" decoding=\"async\" loading=\"lazy\" class=\"aligncenter size-large wp-image-3913\" src=\"https:\/\/i0.wp.com\/souvenirsdaltitude.fr\/wordpress\/wp-content\/uploads\/2017\/03\/kangerlussuaq_DSC5990_20160816_10_12_56_1400.jpg?resize=1024%2C683\" alt=\"\" width=\"1024\" height=\"683\" srcset=\"https:\/\/i0.wp.com\/souvenirsdaltitude.fr\/wordpress\/wp-content\/uploads\/2017\/03\/kangerlussuaq_DSC5990_20160816_10_12_56_1400.jpg?resize=1024%2C683&amp;ssl=1 1024w, https:\/\/i0.wp.com\/souvenirsdaltitude.fr\/wordpress\/wp-content\/uploads\/2017\/03\/kangerlussuaq_DSC5990_20160816_10_12_56_1400.jpg?resize=300%2C200&amp;ssl=1 300w, https:\/\/i0.wp.com\/souvenirsdaltitude.fr\/wordpress\/wp-content\/uploads\/2017\/03\/kangerlussuaq_DSC5990_20160816_10_12_56_1400.jpg?resize=200%2C133&amp;ssl=1 200w, https:\/\/i0.wp.com\/souvenirsdaltitude.fr\/wordpress\/wp-content\/uploads\/2017\/03\/kangerlussuaq_DSC5990_20160816_10_12_56_1400.jpg?resize=600%2C400&amp;ssl=1 600w, https:\/\/i0.wp.com\/souvenirsdaltitude.fr\/wordpress\/wp-content\/uploads\/2017\/03\/kangerlussuaq_DSC5990_20160816_10_12_56_1400.jpg?resize=830%2C554&amp;ssl=1 830w, https:\/\/i0.wp.com\/souvenirsdaltitude.fr\/wordpress\/wp-content\/uploads\/2017\/03\/kangerlussuaq_DSC5990_20160816_10_12_56_1400.jpg?resize=230%2C153&amp;ssl=1 230w, https:\/\/i0.wp.com\/souvenirsdaltitude.fr\/wordpress\/wp-content\/uploads\/2017\/03\/kangerlussuaq_DSC5990_20160816_10_12_56_1400.jpg?resize=350%2C234&amp;ssl=1 350w, https:\/\/i0.wp.com\/souvenirsdaltitude.fr\/wordpress\/wp-content\/uploads\/2017\/03\/kangerlussuaq_DSC5990_20160816_10_12_56_1400.jpg?resize=480%2C320&amp;ssl=1 480w, https:\/\/i0.wp.com\/souvenirsdaltitude.fr\/wordpress\/wp-content\/uploads\/2017\/03\/kangerlussuaq_DSC5990_20160816_10_12_56_1400.jpg?resize=272%2C182&amp;ssl=1 272w, https:\/\/i0.wp.com\/souvenirsdaltitude.fr\/wordpress\/wp-content\/uploads\/2017\/03\/kangerlussuaq_DSC5990_20160816_10_12_56_1400.jpg?w=1400&amp;ssl=1 1400w\" sizes=\"(max-width: 1024px) 100vw, 1024px\" data-recalc-dims=\"1\" \/><\/p>\n","protected":false},"excerpt":{"rendered":"<p>Bonjour \u00e0 tous, cela faisait longtemps que ce site n&rsquo;avait pas \u00e9t\u00e9 mis \u00e0 jour, c&rsquo;est d\u00e9sormais chose faite ! Quelques photos prises dans les Alpes ont \u00e9t\u00e9 rajout\u00e9es, de m\u00eame qu&rsquo;une galerie sur les paysages arctiques que j&rsquo;ai pu aller d\u00e9couvrir&#8230; Pour faciliter la d\u00e9couverte des derni\u00e8res photos, j&rsquo;ai aussi rajout\u00e9 une galerie des [&hellip;]<\/p>\n","protected":false},"author":2,"featured_media":0,"comment_status":"closed","ping_status":"open","sticky":false,"template":"","format":"standard","meta":[],"categories":[181],"tags":[],"jetpack_featured_media_url":"","jetpack_sharing_enabled":true,"_links":{"self":[{"href":"https:\/\/souvenirsdaltitude.fr\/wordpress\/wp-json\/wp\/v2\/posts\/3946"}],"collection":[{"href":"https:\/\/souvenirsdaltitude.fr\/wordpress\/wp-json\/wp\/v2\/posts"}],"about":[{"href":"https:\/\/souvenirsdaltitude.fr\/wordpress\/wp-json\/wp\/v2\/types\/post"}],"author":[{"embeddable":true,"href":"https:\/\/souvenirsdaltitude.fr\/wordpress\/wp-json\/wp\/v2\/users\/2"}],"replies":[{"embeddable":true,"href":"https:\/\/souvenirsdaltitude.fr\/wordpress\/wp-json\/wp\/v2\/comments?post=3946"}],"version-history":[{"count":0,"href":"https:\/\/souvenirsdaltitude.fr\/wordpress\/wp-json\/wp\/v2\/posts\/3946\/revisions"}],"wp:attachment":[{"href":"https:\/\/souvenirsdaltitude.fr\/wordpress\/wp-json\/wp\/v2\/media?parent=3946"}],"wp:term":[{"taxonomy":"category","embeddable":true,"href":"https:\/\/souvenirsdaltitude.fr\/wordpress\/wp-json\/wp\/v2\/categories?post=3946"},{"taxonomy":"post_tag","embeddable":true,"href":"https:\/\/souvenirsdaltitude.fr\/wordpress\/wp-json\/wp\/v2\/tags?post=3946"}],"curies":[{"name":"wp","href":"https:\/\/api.w.org\/{rel}","templated":true}]}}