{"id":3635,"date":"2016-04-19T13:22:58","date_gmt":"2016-04-19T13:22:58","guid":{"rendered":"http:\/\/souvenirsdaltitude.fr\/wordpress\/?p=3635"},"modified":"2016-05-25T11:16:53","modified_gmt":"2016-05-25T11:16:53","slug":"photos-primees-festival-nature-lain","status":"publish","type":"post","link":"http:\/\/souvenirsdaltitude.fr\/wordpress\/photos-primees-festival-nature-lain\/","title":{"rendered":"Photos prim\u00e9es au festival nature dans l&rsquo;Ain"},"content":{"rendered":"<div id=\"pl-3635\"  class=\"panel-layout\" ><div id=\"pg-3635-0\"  class=\"panel-grid panel-has-style\" ><div style=\"padding: 100px 0; \" data-overlay=\"true\" class=\"panel-row-style panel-row-style-for-3635-0\" ><div id=\"pgc-3635-0-0\"  class=\"panel-grid-cell panel-grid-cell-empty\" ><\/div><div id=\"pgc-3635-0-1\"  class=\"panel-grid-cell panel-grid-cell-mobile-last\" ><div id=\"panel-3635-0-1-0\" class=\"so-panel widget widget_sow-editor panel-first-child panel-last-child\" data-index=\"0\" ><div\n\t\t\t\n\t\t\tclass=\"so-widget-sow-editor so-widget-sow-editor-base\"\n\t\t\t\n\t\t>\n<div class=\"siteorigin-widget-tinymce textwidget\">\n\t<p>C'est avec grand plaisir que j'apprends que deux de mes photos ont \u00e9t\u00e9 prim\u00e9es au concours photo du \u00ab <a href=\"http:\/\/festival-nature-ain.fr\/\">festival nature Ain<\/a> \u00bb :<\/p>\n<ul>\n<li>Une photo ramen\u00e9e cet automne des Dolomites o\u00f9 je compte organiser un stage photo montagne : des paysages \u00e0 couper le souffle et des conditions exceptionnelles au programme. N'h\u00e9sitez pas \u00e0 me dire en commentaire si ce type de stage vous int\u00e9resse ! Celle-ci a obtenu le 3\u00e8me prix de la cat\u00e9gorie paysages.<\/li>\n<li>Une photo ramen\u00e9e cet automne aussi de deux bouquetins en ombre chinoise : souvenir d'un beau moment pass\u00e9 \u00e0 regarder ces bouquetins \u00e9voluer le long des cr\u00eates. Ils ont obtenu le deuxi\u00e8me prix de la cat\u00e9gorie paysages, f\u00e9licitations \u00e0 eux ! \ud83d\ude42<\/li>\n<\/ul>\n<div class=\"tiled-gallery type-rectangular tiled-gallery-unresized\" data-original-width=\"8000\" data-carousel-extra='{&quot;blog_id&quot;:1,&quot;permalink&quot;:&quot;http:\\\/\\\/souvenirsdaltitude.fr\\\/wordpress\\\/photos-primees-festival-nature-lain\\\/&quot;,&quot;likes_blog_id&quot;:110145678}' itemscope itemtype=\"http:\/\/schema.org\/ImageGallery\" > <div class=\"gallery-row\" style=\"width: 8000px; height: 2185px;\" data-original-width=\"8000\" data-original-height=\"2185\" > <div class=\"gallery-group images-1\" style=\"width: 6542px; height: 2185px;\" data-original-width=\"6542\" data-original-height=\"2185\" > <div class=\"tiled-gallery-item tiled-gallery-item-large\" itemprop=\"associatedMedia\" itemscope itemtype=\"http:\/\/schema.org\/ImageObject\"> <a href=\"http:\/\/souvenirsdaltitude.fr\/wordpress\/panoramiques\/piz_boe_dsc9910-pano_20150912_07_12_33-2_1400-6\/\" border=\"0\" itemprop=\"url\"> <meta itemprop=\"width\" content=\"6538\"> <meta itemprop=\"height\" content=\"2181\"> <img data-attachment-id=\"3054\" data-orig-file=\"http:\/\/souvenirsdaltitude.fr\/wordpress\/wp-content\/uploads\/2016\/04\/piz_boe_DSC9910-Pano_20150912_07_12_33-2_1400-2.jpg\" data-orig-size=\"1400,467\" data-comments-opened=\"\" data-image-meta=\"{&quot;aperture&quot;:&quot;8&quot;,&quot;credit&quot;:&quot;Benjamin Orgogozo&quot;,&quot;camera&quot;:&quot;NIKON D800&quot;,&quot;caption&quot;:&quot;&quot;,&quot;created_timestamp&quot;:&quot;1442041937&quot;,&quot;copyright&quot;:&quot;&quot;,&quot;focal_length&quot;:&quot;120&quot;,&quot;iso&quot;:&quot;100&quot;,&quot;shutter_speed&quot;:&quot;0.002&quot;,&quot;title&quot;:&quot;&quot;,&quot;orientation&quot;:&quot;0&quot;}\" data-image-title=\"\" data-image-description=\"\" data-medium-file=\"https:\/\/i0.wp.com\/souvenirsdaltitude.fr\/wordpress\/wp-content\/uploads\/2016\/04\/piz_boe_DSC9910-Pano_20150912_07_12_33-2_1400-2.jpg?fit=300%2C100\" data-large-file=\"https:\/\/i0.wp.com\/souvenirsdaltitude.fr\/wordpress\/wp-content\/uploads\/2016\/04\/piz_boe_DSC9910-Pano_20150912_07_12_33-2_1400-2.jpg?fit=1024%2C342\" src=\"https:\/\/i0.wp.com\/souvenirsdaltitude.fr\/wordpress\/wp-content\/uploads\/2016\/04\/piz_boe_DSC9910-Pano_20150912_07_12_33-2_1400-2.jpg?w=6538&#038;h=2181\" width=\"6538\" height=\"2181\" data-original-width=\"6538\" data-original-height=\"2181\" itemprop=\"http:\/\/schema.org\/image\" title=\"\" alt=\"\" style=\"width: 6538px; height: 2181px;\" \/> <\/a> <\/div> <\/div> <!-- close group --> <div class=\"gallery-group images-1\" style=\"width: 1458px; height: 2185px;\" data-original-width=\"1458\" data-original-height=\"2185\" > <div class=\"tiled-gallery-item tiled-gallery-item-large\" itemprop=\"associatedMedia\" itemscope itemtype=\"http:\/\/schema.org\/ImageObject\"> <a href=\"http:\/\/souvenirsdaltitude.fr\/wordpress\/noir-et-blanc\/sixt_dsc0424-edit_20150919_12_52_11-2_1400-4\/\" border=\"0\" itemprop=\"url\"> <meta itemprop=\"width\" content=\"1454\"> <meta itemprop=\"height\" content=\"2181\"> <img data-attachment-id=\"3030\" data-orig-file=\"http:\/\/souvenirsdaltitude.fr\/wordpress\/wp-content\/uploads\/2016\/04\/sixt_DSC0424-Edit_20150919_12_52_11-2_1400-1.jpg\" data-orig-size=\"933,1400\" data-comments-opened=\"\" data-image-meta=\"{&quot;aperture&quot;:&quot;6.3&quot;,&quot;credit&quot;:&quot;Benjamin Orgogozo&quot;,&quot;camera&quot;:&quot;NIKON D800&quot;,&quot;caption&quot;:&quot;&quot;,&quot;created_timestamp&quot;:&quot;1442667131&quot;,&quot;copyright&quot;:&quot;&quot;,&quot;focal_length&quot;:&quot;160&quot;,&quot;iso&quot;:&quot;100&quot;,&quot;shutter_speed&quot;:&quot;0.000625&quot;,&quot;title&quot;:&quot;&quot;,&quot;orientation&quot;:&quot;0&quot;}\" data-image-title=\"\" data-image-description=\"\" data-medium-file=\"https:\/\/i0.wp.com\/souvenirsdaltitude.fr\/wordpress\/wp-content\/uploads\/2016\/04\/sixt_DSC0424-Edit_20150919_12_52_11-2_1400-1.jpg?fit=200%2C300\" data-large-file=\"https:\/\/i0.wp.com\/souvenirsdaltitude.fr\/wordpress\/wp-content\/uploads\/2016\/04\/sixt_DSC0424-Edit_20150919_12_52_11-2_1400-1.jpg?fit=682%2C1024\" src=\"https:\/\/i0.wp.com\/souvenirsdaltitude.fr\/wordpress\/wp-content\/uploads\/2016\/04\/sixt_DSC0424-Edit_20150919_12_52_11-2_1400-1.jpg?w=1454&#038;h=2181\" width=\"1454\" height=\"2181\" data-original-width=\"1454\" data-original-height=\"2181\" itemprop=\"http:\/\/schema.org\/image\" title=\"\" alt=\"\" style=\"width: 1454px; height: 2181px;\" \/> <\/a> <\/div> <\/div> <!-- close group --> <\/div> <!-- close row --> <\/div>\n<\/div>\n<\/div><\/div><\/div><div id=\"pgc-3635-0-2\"  class=\"panel-grid-cell panel-grid-cell-empty\" ><\/div><\/div><\/div><\/div>","protected":false},"excerpt":{"rendered":"<p>C&rsquo;est avec grand plaisir que j&rsquo;apprends que deux de mes photos ont \u00e9t\u00e9 prim\u00e9es au concours photo du \u00ab festival nature Ain \u00bb :Une photo ramen\u00e9e cet automne des Dolomites o\u00f9 je compte organiser un stage photo montagne : des paysages \u00e0 couper le souffle et des conditions exceptionnelles au programme. N&rsquo;h\u00e9sitez pas \u00e0 me [&hellip;]<\/p>\n","protected":false},"author":2,"featured_media":0,"comment_status":"open","ping_status":"open","sticky":false,"template":"","format":"standard","meta":[],"categories":[113],"tags":[],"jetpack_featured_media_url":"","jetpack_sharing_enabled":true,"_links":{"self":[{"href":"http:\/\/souvenirsdaltitude.fr\/wordpress\/wp-json\/wp\/v2\/posts\/3635"}],"collection":[{"href":"http:\/\/souvenirsdaltitude.fr\/wordpress\/wp-json\/wp\/v2\/posts"}],"about":[{"href":"http:\/\/souvenirsdaltitude.fr\/wordpress\/wp-json\/wp\/v2\/types\/post"}],"author":[{"embeddable":true,"href":"http:\/\/souvenirsdaltitude.fr\/wordpress\/wp-json\/wp\/v2\/users\/2"}],"replies":[{"embeddable":true,"href":"http:\/\/souvenirsdaltitude.fr\/wordpress\/wp-json\/wp\/v2\/comments?post=3635"}],"version-history":[{"count":0,"href":"http:\/\/souvenirsdaltitude.fr\/wordpress\/wp-json\/wp\/v2\/posts\/3635\/revisions"}],"wp:attachment":[{"href":"http:\/\/souvenirsdaltitude.fr\/wordpress\/wp-json\/wp\/v2\/media?parent=3635"}],"wp:term":[{"taxonomy":"category","embeddable":true,"href":"http:\/\/souvenirsdaltitude.fr\/wordpress\/wp-json\/wp\/v2\/categories?post=3635"},{"taxonomy":"post_tag","embeddable":true,"href":"http:\/\/souvenirsdaltitude.fr\/wordpress\/wp-json\/wp\/v2\/tags?post=3635"}],"curies":[{"name":"wp","href":"https:\/\/api.w.org\/{rel}","templated":true}]}}