{"id":3486,"date":"2015-09-01T11:41:17","date_gmt":"2015-09-01T11:41:17","guid":{"rendered":"http:\/\/souvenirsdaltitude.fr\/wordpress\/?p=3486"},"modified":"2016-05-18T15:56:45","modified_gmt":"2016-05-18T15:56:45","slug":"monts-et-merveilles-barr","status":"publish","type":"post","link":"http:\/\/souvenirsdaltitude.fr\/wordpress\/monts-et-merveilles-barr\/","title":{"rendered":"25-27 septembre 2015 : \u00ab\u00a0Monts et Merveilles \u00bb \u00e0 Barr"},"content":{"rendered":"<div id=\"pl-3486\"  class=\"panel-layout\" ><div id=\"pg-3486-0\"  class=\"panel-grid panel-has-style\" ><div style=\"padding: 100px 0; \" data-overlay=\"true\" class=\"panel-row-style panel-row-style-for-3486-0\" ><div id=\"pgc-3486-0-0\"  class=\"panel-grid-cell panel-grid-cell-empty\" ><\/div><div id=\"pgc-3486-0-1\"  class=\"panel-grid-cell panel-grid-cell-mobile-last\" ><div id=\"panel-3486-0-1-0\" class=\"so-panel widget widget_sow-editor panel-first-child panel-last-child\" data-index=\"0\" ><div\n\t\t\t\n\t\t\tclass=\"so-widget-sow-editor so-widget-sow-editor-base\"\n\t\t\t\n\t\t>\n<div class=\"siteorigin-widget-tinymce textwidget\">\n\t<p>\u00a0<\/p>\n<p>Du 25 au 27 septembre prochain, j'aurai l'immense plaisir de pr\u00e9senter pour la premi\u00e8re fois mon exposition \u00ab <a href=\"http:\/\/souvenirsdaltitude.fr\/wordpress\/exposition-monts-et-merveilles\/\">Monts et Merveilles<\/a> \u00bb \u00e0 Barr, dans le cadre du <a href=\"http:\/\/www.pixel-nature.com\/salon.html\">salon de la photographie de nature<\/a>. Ce sera un grand honneur pour moi d'exposer aux c\u00f4t\u00e9s d'autres talentueux photographes et surtout de pouvoir vous rencontrer et \u00e9changer sur cette montagne qui m'est si ch\u00e8re.<\/p>\n<p>Alors, si vous avez l'occasion de vous rendre \u00e0 l'exposition je vous y attends avec plaisir en esp\u00e9rant vous y voir nombreux !<\/p>\n<p>\u00c0 bient\u00f4t,<\/p>\n<div class=\"tiled-gallery type-rectangular tiled-gallery-unresized\" data-original-width=\"8000\" data-carousel-extra='{&quot;blog_id&quot;:1,&quot;permalink&quot;:&quot;http:\\\/\\\/souvenirsdaltitude.fr\\\/wordpress\\\/monts-et-merveilles-barr\\\/&quot;,&quot;likes_blog_id&quot;:110145678}' itemscope itemtype=\"http:\/\/schema.org\/ImageGallery\" > <div class=\"gallery-row\" style=\"width: 8000px; height: 2957px;\" data-original-width=\"8000\" data-original-height=\"2957\" > <div class=\"gallery-group images-1\" style=\"width: 5910px; height: 2957px;\" data-original-width=\"5910\" data-original-height=\"2957\" > <div class=\"tiled-gallery-item tiled-gallery-item-large\" itemprop=\"associatedMedia\" itemscope itemtype=\"http:\/\/schema.org\/ImageObject\"> <a href=\"http:\/\/souvenirsdaltitude.fr\/wordpress\/panoramiques\/rocher_pansaret_dsc0249_dsc0269_20121219_08_29_45_1400-8\/\" border=\"0\" itemprop=\"url\"> <meta itemprop=\"width\" content=\"5906\"> <meta itemprop=\"height\" content=\"2953\"> <img data-attachment-id=\"3056\" data-orig-file=\"http:\/\/souvenirsdaltitude.fr\/wordpress\/wp-content\/uploads\/2016\/04\/rocher_pansaret_DSC0249_DSC0269_20121219_08_29_45_1400-3.jpg\" data-orig-size=\"1400,700\" data-comments-opened=\"\" data-image-meta=\"{&quot;aperture&quot;:&quot;14&quot;,&quot;credit&quot;:&quot;&quot;,&quot;camera&quot;:&quot;NIKON D700&quot;,&quot;caption&quot;:&quot;&quot;,&quot;created_timestamp&quot;:&quot;1355905785&quot;,&quot;copyright&quot;:&quot;&quot;,&quot;focal_length&quot;:&quot;16&quot;,&quot;iso&quot;:&quot;200&quot;,&quot;shutter_speed&quot;:&quot;0.01&quot;,&quot;title&quot;:&quot;&quot;,&quot;orientation&quot;:&quot;0&quot;}\" data-image-title=\"\" data-image-description=\"\" data-medium-file=\"https:\/\/i0.wp.com\/souvenirsdaltitude.fr\/wordpress\/wp-content\/uploads\/2016\/04\/rocher_pansaret_DSC0249_DSC0269_20121219_08_29_45_1400-3.jpg?fit=300%2C150\" data-large-file=\"https:\/\/i0.wp.com\/souvenirsdaltitude.fr\/wordpress\/wp-content\/uploads\/2016\/04\/rocher_pansaret_DSC0249_DSC0269_20121219_08_29_45_1400-3.jpg?fit=1024%2C512\" src=\"https:\/\/i0.wp.com\/souvenirsdaltitude.fr\/wordpress\/wp-content\/uploads\/2016\/04\/rocher_pansaret_DSC0249_DSC0269_20121219_08_29_45_1400-3.jpg?w=5906&#038;h=2953\" width=\"5906\" height=\"2953\" data-original-width=\"5906\" data-original-height=\"2953\" itemprop=\"http:\/\/schema.org\/image\" title=\"\" alt=\"\" style=\"width: 5906px; height: 2953px;\" \/> <\/a> <\/div> <\/div> <!-- close group --> <div class=\"gallery-group images-1\" style=\"width: 2090px; height: 2957px;\" data-original-width=\"2090\" data-original-height=\"2957\" > <div class=\"tiled-gallery-item tiled-gallery-item-large\" itemprop=\"associatedMedia\" itemscope itemtype=\"http:\/\/schema.org\/ImageObject\"> <a href=\"http:\/\/souvenirsdaltitude.fr\/wordpress\/monts-et-merveilles-barr\/11228501_399091806882170_9011204412488654306_n\/\" border=\"0\" itemprop=\"url\"> <meta itemprop=\"width\" content=\"2086\"> <meta itemprop=\"height\" content=\"2953\"> <img data-attachment-id=\"3487\" data-orig-file=\"http:\/\/souvenirsdaltitude.fr\/wordpress\/wp-content\/uploads\/2016\/05\/11228501_399091806882170_9011204412488654306_n.png\" data-orig-size=\"339,480\" data-comments-opened=\"\" data-image-meta=\"{&quot;aperture&quot;:&quot;0&quot;,&quot;credit&quot;:&quot;&quot;,&quot;camera&quot;:&quot;&quot;,&quot;caption&quot;:&quot;&quot;,&quot;created_timestamp&quot;:&quot;0&quot;,&quot;copyright&quot;:&quot;&quot;,&quot;focal_length&quot;:&quot;0&quot;,&quot;iso&quot;:&quot;0&quot;,&quot;shutter_speed&quot;:&quot;0&quot;,&quot;title&quot;:&quot;&quot;,&quot;orientation&quot;:&quot;0&quot;}\" data-image-title=\"11228501_399091806882170_9011204412488654306_n\" data-image-description=\"\" data-medium-file=\"https:\/\/i0.wp.com\/souvenirsdaltitude.fr\/wordpress\/wp-content\/uploads\/2016\/05\/11228501_399091806882170_9011204412488654306_n.png?fit=212%2C300\" data-large-file=\"https:\/\/i0.wp.com\/souvenirsdaltitude.fr\/wordpress\/wp-content\/uploads\/2016\/05\/11228501_399091806882170_9011204412488654306_n.png?fit=339%2C480\" src=\"https:\/\/i0.wp.com\/souvenirsdaltitude.fr\/wordpress\/wp-content\/uploads\/2016\/05\/11228501_399091806882170_9011204412488654306_n.png?w=2086&#038;h=2953\" width=\"2086\" height=\"2953\" data-original-width=\"2086\" data-original-height=\"2953\" itemprop=\"http:\/\/schema.org\/image\" title=\"11228501_399091806882170_9011204412488654306_n\" alt=\"11228501_399091806882170_9011204412488654306_n\" style=\"width: 2086px; height: 2953px;\" \/> <\/a> <\/div> <\/div> <!-- close group --> <\/div> <!-- close row --> <\/div>\n<\/div>\n<\/div><\/div><\/div><div id=\"pgc-3486-0-2\"  class=\"panel-grid-cell panel-grid-cell-empty\" ><\/div><\/div><\/div><\/div>","protected":false},"excerpt":{"rendered":"<p>\u00a0Du 25 au 27 septembre prochain, j&rsquo;aurai l&rsquo;immense plaisir de pr\u00e9senter pour la premi\u00e8re fois mon exposition \u00ab Monts et Merveilles \u00bb \u00e0 Barr, dans le cadre du salon de la photographie de nature. Ce sera un grand honneur pour moi d&rsquo;exposer aux c\u00f4t\u00e9s d&rsquo;autres talentueux photographes et surtout de pouvoir vous rencontrer et \u00e9changer [&hellip;]<\/p>\n","protected":false},"author":2,"featured_media":0,"comment_status":"open","ping_status":"open","sticky":false,"template":"","format":"standard","meta":[],"categories":[1],"tags":[],"jetpack_featured_media_url":"","jetpack_sharing_enabled":true,"_links":{"self":[{"href":"http:\/\/souvenirsdaltitude.fr\/wordpress\/wp-json\/wp\/v2\/posts\/3486"}],"collection":[{"href":"http:\/\/souvenirsdaltitude.fr\/wordpress\/wp-json\/wp\/v2\/posts"}],"about":[{"href":"http:\/\/souvenirsdaltitude.fr\/wordpress\/wp-json\/wp\/v2\/types\/post"}],"author":[{"embeddable":true,"href":"http:\/\/souvenirsdaltitude.fr\/wordpress\/wp-json\/wp\/v2\/users\/2"}],"replies":[{"embeddable":true,"href":"http:\/\/souvenirsdaltitude.fr\/wordpress\/wp-json\/wp\/v2\/comments?post=3486"}],"version-history":[{"count":0,"href":"http:\/\/souvenirsdaltitude.fr\/wordpress\/wp-json\/wp\/v2\/posts\/3486\/revisions"}],"wp:attachment":[{"href":"http:\/\/souvenirsdaltitude.fr\/wordpress\/wp-json\/wp\/v2\/media?parent=3486"}],"wp:term":[{"taxonomy":"category","embeddable":true,"href":"http:\/\/souvenirsdaltitude.fr\/wordpress\/wp-json\/wp\/v2\/categories?post=3486"},{"taxonomy":"post_tag","embeddable":true,"href":"http:\/\/souvenirsdaltitude.fr\/wordpress\/wp-json\/wp\/v2\/tags?post=3486"}],"curies":[{"name":"wp","href":"https:\/\/api.w.org\/{rel}","templated":true}]}}