{"id":3459,"date":"2016-02-19T10:34:33","date_gmt":"2016-02-19T10:34:33","guid":{"rendered":"http:\/\/souvenirsdaltitude.fr\/wordpress\/?p=3459"},"modified":"2016-06-12T19:59:29","modified_gmt":"2016-06-12T19:59:29","slug":"image-metait-contee-deferlante","status":"publish","type":"post","link":"http:\/\/souvenirsdaltitude.fr\/wordpress\/image-metait-contee-deferlante\/","title":{"rendered":"Si une image m&rsquo;\u00e9tait cont\u00e9e : \u00ab d\u00e9ferlante \u00bb"},"content":{"rendered":"<div id=\"pl-3459\"  class=\"panel-layout\" ><div id=\"pg-3459-0\"  class=\"panel-grid panel-has-style\" ><div style=\"padding: 100px 0; \" data-overlay=\"true\" class=\"panel-row-style panel-row-style-for-3459-0\" ><div id=\"pgc-3459-0-0\"  class=\"panel-grid-cell panel-grid-cell-empty\" ><\/div><div id=\"pgc-3459-0-1\"  class=\"panel-grid-cell panel-grid-cell-mobile-last\" ><div id=\"panel-3459-0-1-0\" class=\"so-panel widget widget_sow-editor panel-first-child panel-last-child\" data-index=\"0\" ><div\n\t\t\t\n\t\t\tclass=\"so-widget-sow-editor so-widget-sow-editor-base\"\n\t\t\t\n\t\t>\n<div class=\"siteorigin-widget-tinymce textwidget\">\n\t<p style=\"text-align: justify;\">Apr\u00e8s 2 fois le Vercors, et une fois la Chine, je vous propose un souvenir de Belledonne cette fois-ci !<\/p>\n<p style=\"text-align: justify;\">\u00a0\u00a0<\/p>\n<h2 style=\"text-align: justify;\">L'histoire...<\/h2>\n<p style=\"text-align: justify;\">Ce sommet j'y \u00e9tais d\u00e9j\u00e0 all\u00e9 plusieurs fois sans arriver \u00e0 vraiment \u00eatre convaincu par le point de vue qui manquait avait un peu trop tendance \u00e0 \u00e9craser les perspectives \u00e0 mon go\u00fbt. Mais comme souvent, il \u00ab suffit \u00bb d'une mer de nuages \u00e0 la bonne altitude pour d\u00e9couvrir un nouveau paysage... Et puis c'est un travers que les photographes de paysages ont peut-\u00eatre (en tout cas moi) de trop penser \u00e0 la photo lors de leurs randonn\u00e9es : une randonn\u00e9e peut \u00eatre r\u00e9ussie m\u00eame si elle n'apporte pas de photo. L'important est de ramener de bons souvenirs apr\u00e8s tout...<\/p>\n<p style=\"text-align: justify;\">Toujours est-il que plus que le panorama, c'est sur un d\u00e9tail que mon regard s'est pos\u00e9 avant le coucher du soleil : la mer de nuages affleurait en effet la cr\u00eate par laquelle nous \u00e9tions pass\u00e9s \u00e0 la mont\u00e9e et les nuages avaient un tr\u00e8s beau mouvement, illustrant parfaitement l'expression \u00ab mer de nuages \u00bb. J'ai souvent \u00e0 c\u0153ur d'expliquer que j'essaye autant que je le peux de montrer ce que j'ai pu voir avec mes yeux, mais il est vrai que pour cette image ce n'est pas le cas. N\u00e9anmoins elle traduit bien mieux le mouvement des nuages que l'on percevait bien \u00e0 l'\u0153il nu...<\/p>\n<p style=\"text-align: justify;\">\u00a0<\/p>\n<h2 style=\"text-align: justify;\">La technique...<\/h2>\n<p style=\"text-align: justify;\">Pour arriver \u00e0 ce rendu, il faut bien \u00e9videmment une pause longue (20 secondes dans ce cas pr\u00e9cis, \u00e0 doser en fonction de la vitesse de mouvement et du rendu souhait\u00e9) et donc un tr\u00e9pied. La photo aillant \u00e9t\u00e9 prise bien avant le coucher du soleil, j'ai utilis\u00e9 un filtre neutre Lee \u00ab Big Stopper \u00bb qui permet de r\u00e9duire d'un facteur 1000 environ la quantit\u00e9 de lumi\u00e8re qui passe par l'objectif (bien penser \u00e0 couvrir le viseur optique de l'appareil pendant la photo afin d'\u00e9viter des artefacts d\u00fbs \u00e0 la lumi\u00e8re rentrant par le viseur) afin de pouvoir atteindre de telles longueur de pose malgr\u00e9 une luminosit\u00e9 importante<\/p>\n<p style=\"text-align: justify;\">\u00c0 voir dans mon expo \u00ab <a href=\"http:\/\/souvenirsdaltitude.fr\/wordpress\/exposition-monts-et-merveilles\/\">Monts et Merveilles<\/a> \u00bb \u00a0ou... dans votre salon si vous souhaitez commander un <a href=\"http:\/\/souvenirsdaltitude.fr\/wordpress\/tirages-dart\/\">tirage<\/a> !<\/p>\n<p style=\"text-align: justify;\"><img data-attachment-id=\"3047\" data-permalink=\"http:\/\/souvenirsdaltitude.fr\/wordpress\/panoramiques\/coucher-de-soleil-depuis-le-grand-charnier-7\/\" data-orig-file=\"https:\/\/i0.wp.com\/souvenirsdaltitude.fr\/wordpress\/wp-content\/uploads\/2016\/04\/grand_charnier_DSC2768_20131007_18_33_20_1400-3.jpg?fit=1400%2C700\" data-orig-size=\"1400,700\" data-comments-opened=\"0\" data-image-meta=\"{&quot;aperture&quot;:&quot;11&quot;,&quot;credit&quot;:&quot;Benjamin Orgogozo&quot;,&quot;camera&quot;:&quot;NIKON D700&quot;,&quot;caption&quot;:&quot;Coucher de soleil depuis le Grand Charnier&quot;,&quot;created_timestamp&quot;:&quot;1381170800&quot;,&quot;copyright&quot;:&quot;&quot;,&quot;focal_length&quot;:&quot;200&quot;,&quot;iso&quot;:&quot;200&quot;,&quot;shutter_speed&quot;:&quot;20&quot;,&quot;title&quot;:&quot;Coucher de soleil depuis le Grand Charnier&quot;,&quot;orientation&quot;:&quot;0&quot;}\" data-image-title=\"\" data-image-description=\"\" data-image-caption=\"\" data-medium-file=\"https:\/\/i0.wp.com\/souvenirsdaltitude.fr\/wordpress\/wp-content\/uploads\/2016\/04\/grand_charnier_DSC2768_20131007_18_33_20_1400-3.jpg?fit=300%2C150\" data-large-file=\"https:\/\/i0.wp.com\/souvenirsdaltitude.fr\/wordpress\/wp-content\/uploads\/2016\/04\/grand_charnier_DSC2768_20131007_18_33_20_1400-3.jpg?fit=1024%2C512\" decoding=\"async\" loading=\"lazy\" class=\"aligncenter size-large wp-image-3047\" src=\"https:\/\/i0.wp.com\/souvenirsdaltitude.fr\/wordpress\/wp-content\/uploads\/2016\/04\/grand_charnier_DSC2768_20131007_18_33_20_1400-3.jpg?resize=1024%2C512\" alt=\"\" width=\"1024\" height=\"512\" srcset=\"https:\/\/i0.wp.com\/souvenirsdaltitude.fr\/wordpress\/wp-content\/uploads\/2016\/04\/grand_charnier_DSC2768_20131007_18_33_20_1400-3.jpg?resize=1024%2C512 1024w, https:\/\/i0.wp.com\/souvenirsdaltitude.fr\/wordpress\/wp-content\/uploads\/2016\/04\/grand_charnier_DSC2768_20131007_18_33_20_1400-3.jpg?resize=300%2C150 300w, https:\/\/i0.wp.com\/souvenirsdaltitude.fr\/wordpress\/wp-content\/uploads\/2016\/04\/grand_charnier_DSC2768_20131007_18_33_20_1400-3.jpg?resize=830%2C415 830w, https:\/\/i0.wp.com\/souvenirsdaltitude.fr\/wordpress\/wp-content\/uploads\/2016\/04\/grand_charnier_DSC2768_20131007_18_33_20_1400-3.jpg?resize=230%2C115 230w, https:\/\/i0.wp.com\/souvenirsdaltitude.fr\/wordpress\/wp-content\/uploads\/2016\/04\/grand_charnier_DSC2768_20131007_18_33_20_1400-3.jpg?resize=350%2C175 350w, https:\/\/i0.wp.com\/souvenirsdaltitude.fr\/wordpress\/wp-content\/uploads\/2016\/04\/grand_charnier_DSC2768_20131007_18_33_20_1400-3.jpg?w=1400 1400w\" sizes=\"(max-width: 1024px) 100vw, 1024px\" data-recalc-dims=\"1\" \/><\/p>\n<\/div>\n<\/div><\/div><\/div><div id=\"pgc-3459-0-2\"  class=\"panel-grid-cell panel-grid-cell-empty\" ><\/div><\/div><\/div><\/div>","protected":false},"excerpt":{"rendered":"<p>Apr\u00e8s 2 fois le Vercors, et une fois la Chine, je vous propose un souvenir de Belledonne cette fois-ci !\u00a0\u00a0L&rsquo;histoire&#8230;Ce sommet j&rsquo;y \u00e9tais d\u00e9j\u00e0 all\u00e9 plusieurs fois sans arriver \u00e0 vraiment \u00eatre convaincu par le point de vue qui manquait avait un peu trop tendance \u00e0 \u00e9craser les perspectives \u00e0 mon go\u00fbt. Mais comme souvent, [&hellip;]<\/p>\n","protected":false},"author":2,"featured_media":0,"comment_status":"open","ping_status":"open","sticky":false,"template":"","format":"standard","meta":[],"categories":[321],"tags":[],"jetpack_featured_media_url":"","jetpack_sharing_enabled":true,"_links":{"self":[{"href":"http:\/\/souvenirsdaltitude.fr\/wordpress\/wp-json\/wp\/v2\/posts\/3459"}],"collection":[{"href":"http:\/\/souvenirsdaltitude.fr\/wordpress\/wp-json\/wp\/v2\/posts"}],"about":[{"href":"http:\/\/souvenirsdaltitude.fr\/wordpress\/wp-json\/wp\/v2\/types\/post"}],"author":[{"embeddable":true,"href":"http:\/\/souvenirsdaltitude.fr\/wordpress\/wp-json\/wp\/v2\/users\/2"}],"replies":[{"embeddable":true,"href":"http:\/\/souvenirsdaltitude.fr\/wordpress\/wp-json\/wp\/v2\/comments?post=3459"}],"version-history":[{"count":0,"href":"http:\/\/souvenirsdaltitude.fr\/wordpress\/wp-json\/wp\/v2\/posts\/3459\/revisions"}],"wp:attachment":[{"href":"http:\/\/souvenirsdaltitude.fr\/wordpress\/wp-json\/wp\/v2\/media?parent=3459"}],"wp:term":[{"taxonomy":"category","embeddable":true,"href":"http:\/\/souvenirsdaltitude.fr\/wordpress\/wp-json\/wp\/v2\/categories?post=3459"},{"taxonomy":"post_tag","embeddable":true,"href":"http:\/\/souvenirsdaltitude.fr\/wordpress\/wp-json\/wp\/v2\/tags?post=3459"}],"curies":[{"name":"wp","href":"https:\/\/api.w.org\/{rel}","templated":true}]}}