{"id":3453,"date":"2016-01-08T10:24:58","date_gmt":"2016-01-08T10:24:58","guid":{"rendered":"http:\/\/souvenirsdaltitude.fr\/wordpress\/?p=3453"},"modified":"2016-05-18T13:32:26","modified_gmt":"2016-05-18T13:32:26","slug":"image-metait-contee-meili-xueshan","status":"publish","type":"post","link":"http:\/\/souvenirsdaltitude.fr\/wordpress\/image-metait-contee-meili-xueshan\/","title":{"rendered":"Si une image m&rsquo;\u00e9tait cont\u00e9e : \u00ab \u6885\u91cc\u96ea\u5c71 \u00bb (M\u00e9il\u01d0 Xu\u011bsh\u0101n)"},"content":{"rendered":"<div id=\"pl-3453\"  class=\"panel-layout\" ><div id=\"pg-3453-0\"  class=\"panel-grid panel-has-style\" ><div style=\"padding: 100px 0; \" data-overlay=\"true\" class=\"panel-row-style panel-row-style-for-3453-0\" ><div id=\"pgc-3453-0-0\"  class=\"panel-grid-cell panel-grid-cell-empty\" ><\/div><div id=\"pgc-3453-0-1\"  class=\"panel-grid-cell panel-grid-cell-mobile-last\" ><div id=\"panel-3453-0-1-0\" class=\"so-panel widget widget_sow-editor panel-first-child panel-last-child\" data-index=\"0\" ><div\n\t\t\t\n\t\t\tclass=\"so-widget-sow-editor so-widget-sow-editor-base\"\n\t\t\t\n\t\t>\n<div class=\"siteorigin-widget-tinymce textwidget\">\n\t<p>Je vais ici aller un peu \u00e0 contre courant de<span class=\"text_exposed_show\">s photographes qui expriment avec emphase la rudesse des conditions m\u00e9t\u00e9os qu'ils rencontrent, \u00e0 grand coup d'adjectifs romantiques, d'images titanesques et de temp\u00e9rature ressentie (en plus la temp\u00e9rature ressentie avec le vent quand on a une veste coupe-vent... ;)). Certe c'est parfois le cas et puis cela d\u00e9pend aussi du ressenti de chacun, mais cette image est dans tous les cas l'exact oppos\u00e9 !<\/span><\/p>\n<h2>\u00a0<\/h2>\n<h2>L'histoire...<\/h2>\n<p>Je vous emm\u00e8ne en Chine cette fois-ci, aux confins du\u4e91\u5357 (Y\u00fann\u00e1n) o\u00f9 les montagnes ont un aspect immacul\u00e9 que seule la haute montagne me semble procurer. Parti pour prendre le lever de soleil sur cette montagne, celui-ci s'av\u00e9ra plut\u00f4t d\u00e9cevant \u00e0 cause des nuages ayant emp\u00each\u00e9 les premiers rayons de soleil d'atteindre cette neige vierge. Vierge car c'est effectivement un des nombreux sommets inconquis du coin...<\/p>\n<div class=\"text_exposed_show\">\n<p>Rentr\u00e9 bredouille du lever, c'est de retour \u00e0 la chambre d'h\u00f4tel, tranquillement assis sur mon lit, que je vis la lumi\u00e8re blanche d'un soleil assez haut passer \u00e0 travers les bancs de nuages. C'\u00e9tait bien la peine de se lever t\u00f4t ! Cette lumi\u00e8re me semble d'ailleurs mieux convenir qu'une lumi\u00e8re plus chaude du lever du soleil : le contraste entre la blancheur de la neige d\u00fbe \u00e0 un soleil relativement haut dans le ciel et un ciel bien charg\u00e9 en nuages donne plus de force \u00e0 l'image.<\/p>\n<p>Et voil\u00e0 donc une photo qui a une grande importance pour moi (ce massif a donn\u00e9 son nom \u00e0 ma premi\u00e8re fille...), prise confortablement install\u00e9 sur le lit dans une chambre d'h\u00f4tel... Tout juste a-t'il fallu ouvrir la fen\u00eatre...<\/p>\n<\/div>\n<p>\u00a0<\/p>\n<h2>La technique...<\/h2>\n<p>Concernant les d\u00e9tails techniques, il s'agit d'une unique photo prise \u00e0 250mm, sans traitement ni filtre particulier. De plus, cette photo a \u00e9t\u00e9 r\u00e9alis\u00e9e avec un boitier de \u00ab seulement \u00bb 12M pixels, l\u00e9g\u00e8rement recadr\u00e9e (le fichier fait 10M pixels environ) avec un objectif d'une qualit\u00e9 relativement modeste. Je ne cherche pas \u00e0 dire que le mat\u00e9riel haut de gamme n'est pas utile, mais en tout cas que m\u00eame avec des caract\u00e9ristiques techniques peu flatteuses, il est tout de m\u00eame possible d'obtenir un tirage de qualit\u00e9 dans une taille plus que raisonnable (50x75 cms minimum) ! Nombreux sont mes stagiaires qui sont parfois horrifi\u00e9s par le bruit de la mont\u00e9e en ISOs ou le manque de nettet\u00e9 apparent sur leur \u00e9cran, mais le juge de paix reste le tirage et ce serait dommage de ne pas garder une photo pour ce genre de raisons...<\/p>\n<p>\u00a0<\/p>\n<p>\u00c0 voir dans mon expo \u00ab <a href=\"http:\/\/souvenirsdaltitude.fr\/wordpress\/exposition-monts-et-merveilles\/\">Monts et Merveilles<\/a> \u00bb \u00a0ou... dans votre salon si vous souhaitez commander un <a href=\"http:\/\/souvenirsdaltitude.fr\/wordpress\/tirages-dart\/\">tirage<\/a> !<\/p>\n<p><img data-attachment-id=\"2708\" data-permalink=\"http:\/\/souvenirsdaltitude.fr\/wordpress\/image-metait-contee-meili-xueshan\/_dsc6741_20101027_08_06_05_1400-2\/\" data-orig-file=\"https:\/\/i0.wp.com\/souvenirsdaltitude.fr\/wordpress\/wp-content\/uploads\/souvenirs_lumineux\/_DSC6741_20101027_08_06_05_1400.jpg?fit=1400%2C932\" data-orig-size=\"1400,932\" data-comments-opened=\"0\" data-image-meta=\"{&quot;aperture&quot;:&quot;6.3&quot;,&quot;credit&quot;:&quot;Benjamin Orgogozo&quot;,&quot;camera&quot;:&quot;NIKON D700&quot;,&quot;caption&quot;:&quot;Lever de soleil sur le Kawagebo.&quot;,&quot;created_timestamp&quot;:&quot;1288166765&quot;,&quot;copyright&quot;:&quot;&quot;,&quot;focal_length&quot;:&quot;250&quot;,&quot;iso&quot;:&quot;200&quot;,&quot;shutter_speed&quot;:&quot;0.0008&quot;,&quot;title&quot;:&quot;Meili xueshan illumin\\u00e9&quot;,&quot;orientation&quot;:&quot;0&quot;}\" data-image-title=\"_DSC6741_20101027_08_06_05_1400\" data-image-description=\"\" data-image-caption=\"\" data-medium-file=\"https:\/\/i0.wp.com\/souvenirsdaltitude.fr\/wordpress\/wp-content\/uploads\/souvenirs_lumineux\/_DSC6741_20101027_08_06_05_1400.jpg?fit=300%2C200\" data-large-file=\"https:\/\/i0.wp.com\/souvenirsdaltitude.fr\/wordpress\/wp-content\/uploads\/souvenirs_lumineux\/_DSC6741_20101027_08_06_05_1400.jpg?fit=1024%2C682\" decoding=\"async\" loading=\"lazy\" class=\"aligncenter wp-image-2708 size-large\" src=\"https:\/\/i0.wp.com\/souvenirsdaltitude.fr\/wordpress\/wp-content\/uploads\/souvenirs_lumineux\/_DSC6741_20101027_08_06_05_1400.jpg?resize=1024%2C682\" alt=\"_DSC6741_20101027_08_06_05_1400\" width=\"1024\" height=\"682\" srcset=\"https:\/\/i0.wp.com\/souvenirsdaltitude.fr\/wordpress\/wp-content\/uploads\/souvenirs_lumineux\/_DSC6741_20101027_08_06_05_1400.jpg?resize=1024%2C682 1024w, https:\/\/i0.wp.com\/souvenirsdaltitude.fr\/wordpress\/wp-content\/uploads\/souvenirs_lumineux\/_DSC6741_20101027_08_06_05_1400.jpg?resize=300%2C200 300w, https:\/\/i0.wp.com\/souvenirsdaltitude.fr\/wordpress\/wp-content\/uploads\/souvenirs_lumineux\/_DSC6741_20101027_08_06_05_1400.jpg?resize=830%2C553 830w, https:\/\/i0.wp.com\/souvenirsdaltitude.fr\/wordpress\/wp-content\/uploads\/souvenirs_lumineux\/_DSC6741_20101027_08_06_05_1400.jpg?resize=230%2C153 230w, https:\/\/i0.wp.com\/souvenirsdaltitude.fr\/wordpress\/wp-content\/uploads\/souvenirs_lumineux\/_DSC6741_20101027_08_06_05_1400.jpg?resize=350%2C233 350w, https:\/\/i0.wp.com\/souvenirsdaltitude.fr\/wordpress\/wp-content\/uploads\/souvenirs_lumineux\/_DSC6741_20101027_08_06_05_1400.jpg?w=1400 1400w\" sizes=\"(max-width: 1024px) 100vw, 1024px\" data-recalc-dims=\"1\" \/><\/p>\n<\/div>\n<\/div><\/div><\/div><div id=\"pgc-3453-0-2\"  class=\"panel-grid-cell panel-grid-cell-empty\" ><\/div><\/div><\/div><\/div>","protected":false},"excerpt":{"rendered":"<p>Je vais ici aller un peu \u00e0 contre courant des photographes qui expriment avec emphase la rudesse des conditions m\u00e9t\u00e9os qu&rsquo;ils rencontrent, \u00e0 grand coup d&rsquo;adjectifs romantiques, d&rsquo;images titanesques et de temp\u00e9rature ressentie (en plus la temp\u00e9rature ressentie avec le vent quand on a une veste coupe-vent&#8230; ;)). Certe c&rsquo;est parfois le cas et puis [&hellip;]<\/p>\n","protected":false},"author":2,"featured_media":0,"comment_status":"open","ping_status":"open","sticky":false,"template":"","format":"standard","meta":[],"categories":[321],"tags":[],"jetpack_featured_media_url":"","jetpack_sharing_enabled":true,"_links":{"self":[{"href":"http:\/\/souvenirsdaltitude.fr\/wordpress\/wp-json\/wp\/v2\/posts\/3453"}],"collection":[{"href":"http:\/\/souvenirsdaltitude.fr\/wordpress\/wp-json\/wp\/v2\/posts"}],"about":[{"href":"http:\/\/souvenirsdaltitude.fr\/wordpress\/wp-json\/wp\/v2\/types\/post"}],"author":[{"embeddable":true,"href":"http:\/\/souvenirsdaltitude.fr\/wordpress\/wp-json\/wp\/v2\/users\/2"}],"replies":[{"embeddable":true,"href":"http:\/\/souvenirsdaltitude.fr\/wordpress\/wp-json\/wp\/v2\/comments?post=3453"}],"version-history":[{"count":0,"href":"http:\/\/souvenirsdaltitude.fr\/wordpress\/wp-json\/wp\/v2\/posts\/3453\/revisions"}],"wp:attachment":[{"href":"http:\/\/souvenirsdaltitude.fr\/wordpress\/wp-json\/wp\/v2\/media?parent=3453"}],"wp:term":[{"taxonomy":"category","embeddable":true,"href":"http:\/\/souvenirsdaltitude.fr\/wordpress\/wp-json\/wp\/v2\/categories?post=3453"},{"taxonomy":"post_tag","embeddable":true,"href":"http:\/\/souvenirsdaltitude.fr\/wordpress\/wp-json\/wp\/v2\/tags?post=3453"}],"curies":[{"name":"wp","href":"https:\/\/api.w.org\/{rel}","templated":true}]}}